{"id":27,"__str__":"PARECER - Parecer da Comiss\u00e3o de 24/04/2025 por Comiss\u00e3o de Reda\u00e7\u00e3o, Justi\u00e7a e Legisla\u00e7\u00e3o","link_detail_backend":"/materia/documentoacessorio/27","metadata":{},"nome":"Parecer da Comiss\u00e3o","data":"2025-04-24","autor":"Comiss\u00e3o de Reda\u00e7\u00e3o, Justi\u00e7a e Legisla\u00e7\u00e3o","ementa":"Parecer da CRJL","indexacao":"","arquivo":"http://sapl.cafeara.pr.leg.br/media/sapl/public/documentoacessorio/2025/27/plo_06_-_parecer_das_comissoes.pdf","data_ultima_atualizacao":"2025-04-28T13:39:56.306212-03:00","materia":93,"tipo":7}